{"id":1476,"date":"2025-02-06T17:13:14","date_gmt":"2025-02-06T20:13:14","guid":{"rendered":"https:\/\/www.fae.ufmg.br\/biblioteca\/?p=1476"},"modified":"2025-02-06T17:13:14","modified_gmt":"2025-02-06T20:13:14","slug":"fechamento-da-biblioteca-da-fae-para-inventario","status":"publish","type":"post","link":"https:\/\/www.fae.ufmg.br\/biblioteca\/2025\/02\/06\/fechamento-da-biblioteca-da-fae-para-inventario\/","title":{"rendered":"Fechamento da Biblioteca da FaE para Invent\u00e1rio"},"content":{"rendered":"\n<p>A Biblioteca Profa. Ala\u00edde Lisboa de Oliveira, da Faculdade de Educa\u00e7\u00e3o da UFMG, estar\u00e1 fechada entre os dias 10 de fevereiro e 7 de mar\u00e7o de 2025, para a realiza\u00e7\u00e3o do invent\u00e1rio do acervo bibliogr\u00e1fico. <\/p>\n\n\n\n<p>Durante este per\u00edodo ser\u00e1 realizada a emiss\u00e3o de Nada Consta e de Fichas Catalogr\u00e1ficas, mas n\u00e3o realizaremos empr\u00e9stimos, devolu\u00e7\u00f5es e atendimento ao usu\u00e1rio.<\/p>\n\n\n\n<p>Os livros j\u00e1 est\u00e3o com empr\u00e9stimo especial de f\u00e9rias, com devolu\u00e7\u00e3o apenas para o dia 24 de mar\u00e7o.<\/p>\n\n\n\n<figure class=\"wp-block-image size-large\"><img loading=\"lazy\" width=\"1024\" height=\"917\" src=\"https:\/\/www.fae.ufmg.br\/biblioteca\/wp-content\/uploads\/sites\/7\/2023\/01\/IMG_20230124_1623130011-1024x917.jpg\" alt=\"\" class=\"wp-image-1218\" srcset=\"https:\/\/www.fae.ufmg.br\/biblioteca\/wp-content\/uploads\/sites\/7\/2023\/01\/IMG_20230124_1623130011-1024x917.jpg 1024w, https:\/\/www.fae.ufmg.br\/biblioteca\/wp-content\/uploads\/sites\/7\/2023\/01\/IMG_20230124_1623130011-300x269.jpg 300w, https:\/\/www.fae.ufmg.br\/biblioteca\/wp-content\/uploads\/sites\/7\/2023\/01\/IMG_20230124_1623130011-768x688.jpg 768w, https:\/\/www.fae.ufmg.br\/biblioteca\/wp-content\/uploads\/sites\/7\/2023\/01\/IMG_20230124_1623130011-1536x1375.jpg 1536w, https:\/\/www.fae.ufmg.br\/biblioteca\/wp-content\/uploads\/sites\/7\/2023\/01\/IMG_20230124_1623130011-2048x1834.jpg 2048w, https:\/\/www.fae.ufmg.br\/biblioteca\/wp-content\/uploads\/sites\/7\/2023\/01\/IMG_20230124_1623130011-205x184.jpg 205w, https:\/\/www.fae.ufmg.br\/biblioteca\/wp-content\/uploads\/sites\/7\/2023\/01\/IMG_20230124_1623130011-500x448.jpg 500w\" sizes=\"(max-width: 1024px) 100vw, 1024px\" \/><\/figure>\n","protected":false},"excerpt":{"rendered":"<p>A Biblioteca Profa. Ala\u00edde Lisboa de Oliveira, da Faculdade de Educa\u00e7\u00e3o da UFMG, estar\u00e1 fechada entre os dias 10 de fevereiro e 7 de mar\u00e7o de 2025, para a realiza\u00e7\u00e3o do invent\u00e1rio do acervo bibliogr\u00e1fico. Durante este per\u00edodo ser\u00e1 realizada a emiss\u00e3o de Nada Consta e de Fichas Catalogr\u00e1ficas, mas n\u00e3o realizaremos empr\u00e9stimos, devolu\u00e7\u00f5es e atendimento ao usu\u00e1rio. Os livros j\u00e1 est\u00e3o com empr\u00e9stimo especial de f\u00e9rias, com devolu\u00e7\u00e3o apenas para o dia 24 de mar\u00e7o.<\/p>\n","protected":false},"author":18,"featured_media":1218,"comment_status":"open","ping_status":"open","sticky":false,"template":"","format":"standard","meta":[],"categories":[18],"tags":[],"blocksy_meta":{"styles_descriptor":{"styles":{"desktop":"","tablet":"","mobile":""},"google_fonts":[]}},"_links":{"self":[{"href":"https:\/\/www.fae.ufmg.br\/biblioteca\/wp-json\/wp\/v2\/posts\/1476"}],"collection":[{"href":"https:\/\/www.fae.ufmg.br\/biblioteca\/wp-json\/wp\/v2\/posts"}],"about":[{"href":"https:\/\/www.fae.ufmg.br\/biblioteca\/wp-json\/wp\/v2\/types\/post"}],"author":[{"embeddable":true,"href":"https:\/\/www.fae.ufmg.br\/biblioteca\/wp-json\/wp\/v2\/users\/18"}],"replies":[{"embeddable":true,"href":"https:\/\/www.fae.ufmg.br\/biblioteca\/wp-json\/wp\/v2\/comments?post=1476"}],"version-history":[{"count":1,"href":"https:\/\/www.fae.ufmg.br\/biblioteca\/wp-json\/wp\/v2\/posts\/1476\/revisions"}],"predecessor-version":[{"id":1477,"href":"https:\/\/www.fae.ufmg.br\/biblioteca\/wp-json\/wp\/v2\/posts\/1476\/revisions\/1477"}],"wp:featuredmedia":[{"embeddable":true,"href":"https:\/\/www.fae.ufmg.br\/biblioteca\/wp-json\/wp\/v2\/media\/1218"}],"wp:attachment":[{"href":"https:\/\/www.fae.ufmg.br\/biblioteca\/wp-json\/wp\/v2\/media?parent=1476"}],"wp:term":[{"taxonomy":"category","embeddable":true,"href":"https:\/\/www.fae.ufmg.br\/biblioteca\/wp-json\/wp\/v2\/categories?post=1476"},{"taxonomy":"post_tag","embeddable":true,"href":"https:\/\/www.fae.ufmg.br\/biblioteca\/wp-json\/wp\/v2\/tags?post=1476"}],"curies":[{"name":"wp","href":"https:\/\/api.w.org\/{rel}","templated":true}]}}